{"id":14627,"date":"2023-06-24T16:16:08","date_gmt":"2023-06-24T19:16:08","guid":{"rendered":"https:\/\/ocaa.org.br\/?p=14627"},"modified":"2023-06-27T16:17:13","modified_gmt":"2023-06-27T19:17:13","slug":"brasil-aposta-em-resposta-do-mercosul-a-ue-no-mes-que-vem","status":"publish","type":"post","link":"https:\/\/ocaa.org.br\/en\/brasil-aposta-em-resposta-do-mercosul-a-ue-no-mes-que-vem\/","title":{"rendered":"Brasil aposta em resposta do Mercosul \u00e0 UE no m\u00eas que vem"},"content":{"rendered":"<p><span data-sheets-value=\"{&quot;1&quot;:2,&quot;2&quot;:&quot;O governo brasileiro acredita ser poss\u00edvel que o Mercosul apresente em julho uma resposta formal \u00e0 carta adicional da Uni\u00e3o Europeia (UE) para que o acordo comercial entre as duas partes avance. Uma oportunidade ser\u00e1 a reuni\u00e3o de c\u00fapula entre a UE e a Comunidade dos Estados da Am\u00e9rica Latina e do Caribe (Celac), marcada para o m\u00eas que vem na B\u00e9lgica.\\n\\nA estrat\u00e9gia brasileira, que ainda precisa ser acordada com os demais membros do Mercosul (Argentina, Paraguai e Uruguai), envolve a tentativa de diminuir custos para os exportadores nacionais cumprirem as novas exig\u00eancias ambientais dos europeus. Isso seria feito sem abrir m\u00e3o de eventuais contesta\u00e7\u00f5es dos novos regulamentos na Organiza\u00e7\u00e3o Mundial do Com\u00e9rcio (OMC).&quot;}\" data-sheets-userformat=\"{&quot;2&quot;:2975,&quot;3&quot;:{&quot;1&quot;:0},&quot;4&quot;:{&quot;1&quot;:2,&quot;2&quot;:16777215},&quot;5&quot;:{&quot;1&quot;:[{&quot;1&quot;:2,&quot;2&quot;:0,&quot;5&quot;:{&quot;1&quot;:2,&quot;2&quot;:13421772}},{&quot;1&quot;:0,&quot;2&quot;:0,&quot;3&quot;:3},{&quot;1&quot;:1,&quot;2&quot;:0,&quot;4&quot;:1}]},&quot;6&quot;:{&quot;1&quot;:[{&quot;1&quot;:2,&quot;2&quot;:0,&quot;5&quot;:{&quot;1&quot;:2,&quot;2&quot;:13421772}},{&quot;1&quot;:0,&quot;2&quot;:0,&quot;3&quot;:3},{&quot;1&quot;:1,&quot;2&quot;:0,&quot;4&quot;:1}]},&quot;7&quot;:{&quot;1&quot;:[{&quot;1&quot;:2,&quot;2&quot;:0,&quot;5&quot;:{&quot;1&quot;:2,&quot;2&quot;:13421772}},{&quot;1&quot;:0,&quot;2&quot;:0,&quot;3&quot;:3},{&quot;1&quot;:1,&quot;2&quot;:0,&quot;4&quot;:1}]},&quot;10&quot;:1,&quot;11&quot;:4,&quot;12&quot;:0,&quot;14&quot;:{&quot;1&quot;:2,&quot;2&quot;:4408131}}\">O governo brasileiro acredita ser poss\u00edvel que o Mercosul apresente em julho uma resposta formal \u00e0 carta adicional da Uni\u00e3o Europeia (UE) para que o acordo comercial entre as duas partes avance. Uma oportunidade ser\u00e1 a reuni\u00e3o de c\u00fapula entre a UE e a Comunidade dos Estados da Am\u00e9rica Latina e do Caribe (Celac), marcada para o m\u00eas que vem na B\u00e9lgica.<\/p>\n<p>A estrat\u00e9gia brasileira, que ainda precisa ser acordada com os demais membros do Mercosul (Argentina, Paraguai e Uruguai), envolve a tentativa de diminuir custos para os exportadores nacionais cumprirem as novas exig\u00eancias ambientais dos europeus. Isso seria feito sem abrir m\u00e3o de eventuais contesta\u00e7\u00f5es dos novos regulamentos na Organiza\u00e7\u00e3o Mundial do Com\u00e9rcio (OMC).<\/span><\/p>\n","protected":false},"excerpt":{"rendered":"<p>O governo brasileiro acredita ser poss\u00edvel que o Mercosul apresente em julho uma resposta formal \u00e0 carta adicional da Uni\u00e3o Europeia (UE) para que o acordo comercial entre as duas partes avance. Uma oportunidade ser\u00e1 a reuni\u00e3o de c\u00fapula entre a UE e a Comunidade dos Estados da Am\u00e9rica Latina e do Caribe (Celac), marcada [&hellip;]<\/p>\n","protected":false},"author":16,"featured_media":0,"comment_status":"open","ping_status":"open","sticky":false,"template":"","format":"standard","meta":[],"categories":[64,66,67],"tags":[],"translation":{"provider":"WPGlobus","version":"2.7.3","language":"en","enabled_languages":["br","en","es"],"languages":{"br":{"title":true,"content":true,"excerpt":false},"en":{"title":false,"content":false,"excerpt":false},"es":{"title":false,"content":false,"excerpt":false}}},"_links":{"self":[{"href":"https:\/\/ocaa.org.br\/en\/wp-json\/wp\/v2\/posts\/14627"}],"collection":[{"href":"https:\/\/ocaa.org.br\/en\/wp-json\/wp\/v2\/posts"}],"about":[{"href":"https:\/\/ocaa.org.br\/en\/wp-json\/wp\/v2\/types\/post"}],"author":[{"embeddable":true,"href":"https:\/\/ocaa.org.br\/en\/wp-json\/wp\/v2\/users\/16"}],"replies":[{"embeddable":true,"href":"https:\/\/ocaa.org.br\/en\/wp-json\/wp\/v2\/comments?post=14627"}],"version-history":[{"count":2,"href":"https:\/\/ocaa.org.br\/en\/wp-json\/wp\/v2\/posts\/14627\/revisions"}],"predecessor-version":[{"id":14629,"href":"https:\/\/ocaa.org.br\/en\/wp-json\/wp\/v2\/posts\/14627\/revisions\/14629"}],"wp:attachment":[{"href":"https:\/\/ocaa.org.br\/en\/wp-json\/wp\/v2\/media?parent=14627"}],"wp:term":[{"taxonomy":"category","embeddable":true,"href":"https:\/\/ocaa.org.br\/en\/wp-json\/wp\/v2\/categories?post=14627"},{"taxonomy":"post_tag","embeddable":true,"href":"https:\/\/ocaa.org.br\/en\/wp-json\/wp\/v2\/tags?post=14627"}],"curies":[{"name":"wp","href":"https:\/\/api.w.org\/{rel}","templated":true}]}}