{"id":14439,"date":"2023-05-18T11:04:33","date_gmt":"2023-05-18T14:04:33","guid":{"rendered":"https:\/\/ocaa.org.br\/?p=14439"},"modified":"2023-05-29T11:16:17","modified_gmt":"2023-05-29T14:16:17","slug":"vozes-do-sul-ipam-lanca-documentario-sobre-o-acordo-mercosul-ue","status":"publish","type":"post","link":"https:\/\/ocaa.org.br\/es\/vozes-do-sul-ipam-lanca-documentario-sobre-o-acordo-mercosul-ue\/","title":{"rendered":"Vozes do Sul: IPAM lan\u00e7a document\u00e1rio sobre o Acordo Mercosul-UE"},"content":{"rendered":"<p>O IPAM (Instituto de Pesquisa Ambiental da Amaz\u00f4nia) lan\u00e7ou em 18\/5 o <a href=\"https:\/\/youtu.be\/c1_1tJ2mrAM\">minidocument\u00e1rio Vozes do Sul: por um Acordo UE-Mercosul<\/a> mais inclusivo. O filme, realizado no \u00e2mbito do projeto Amazoniar do IPAM em parceria com a Fern e o ISA (Instituto Socioambiental), registra o encontro de povos e comunidades tradicionais do bloco sul americano com autoridades da Uni\u00e3o Europeia para discutir o Acordo de Livre Com\u00e9rcio entre os dois blocos de pa\u00edses.<\/p>\n<p>A visita da delega\u00e7\u00e3o \u2013 composta por representantes de organiza\u00e7\u00f5es, coletivos e comunidades ind\u00edgenas e tradicionais do Brasil, da Argentina e do Paraguai \u2013 \u00e0 Uni\u00e3o Europeia teve o intuito de dar voz \u00e0s popula\u00e7\u00f5es que ser\u00e3o direta e indiretamente afetadas pelo acordo UE-Mercosul e suas preocupa\u00e7\u00f5es em rela\u00e7\u00e3o \u00e0s consequ\u00eancias caso o tratado seja assinado.<\/p>\n","protected":false},"excerpt":{"rendered":"<p>O IPAM (Instituto de Pesquisa Ambiental da Amaz\u00f4nia) lan\u00e7ou em 18\/5 o minidocument\u00e1rio Vozes do Sul: por um Acordo UE-Mercosul mais inclusivo. O filme, realizado no \u00e2mbito do projeto Amazoniar do IPAM em parceria com a Fern e o ISA (Instituto Socioambiental), registra o encontro de povos e comunidades tradicionais do bloco sul americano com [&hellip;]<\/p>\n","protected":false},"author":16,"featured_media":0,"comment_status":"open","ping_status":"open","sticky":false,"template":"","format":"standard","meta":[],"categories":[68,64,66,67],"tags":[],"translation":{"provider":"WPGlobus","version":"2.7.3","language":"es","enabled_languages":["br","en","es"],"languages":{"br":{"title":true,"content":true,"excerpt":false},"en":{"title":false,"content":false,"excerpt":false},"es":{"title":false,"content":false,"excerpt":false}}},"_links":{"self":[{"href":"https:\/\/ocaa.org.br\/es\/wp-json\/wp\/v2\/posts\/14439"}],"collection":[{"href":"https:\/\/ocaa.org.br\/es\/wp-json\/wp\/v2\/posts"}],"about":[{"href":"https:\/\/ocaa.org.br\/es\/wp-json\/wp\/v2\/types\/post"}],"author":[{"embeddable":true,"href":"https:\/\/ocaa.org.br\/es\/wp-json\/wp\/v2\/users\/16"}],"replies":[{"embeddable":true,"href":"https:\/\/ocaa.org.br\/es\/wp-json\/wp\/v2\/comments?post=14439"}],"version-history":[{"count":3,"href":"https:\/\/ocaa.org.br\/es\/wp-json\/wp\/v2\/posts\/14439\/revisions"}],"predecessor-version":[{"id":14464,"href":"https:\/\/ocaa.org.br\/es\/wp-json\/wp\/v2\/posts\/14439\/revisions\/14464"}],"wp:attachment":[{"href":"https:\/\/ocaa.org.br\/es\/wp-json\/wp\/v2\/media?parent=14439"}],"wp:term":[{"taxonomy":"category","embeddable":true,"href":"https:\/\/ocaa.org.br\/es\/wp-json\/wp\/v2\/categories?post=14439"},{"taxonomy":"post_tag","embeddable":true,"href":"https:\/\/ocaa.org.br\/es\/wp-json\/wp\/v2\/tags?post=14439"}],"curies":[{"name":"wp","href":"https:\/\/api.w.org\/{rel}","templated":true}]}}