{"id":15058,"date":"2023-09-19T20:26:27","date_gmt":"2023-09-19T23:26:27","guid":{"rendered":"https:\/\/ocaa.org.br\/?p=15058"},"modified":"2023-09-25T20:27:39","modified_gmt":"2023-09-25T23:27:39","slug":"lula-se-reune-com-primeiro-ministro-da-noruega-em-nova-york","status":"publish","type":"post","link":"https:\/\/ocaa.org.br\/es\/lula-se-reune-com-primeiro-ministro-da-noruega-em-nova-york\/","title":{"rendered":"Lula se re\u00fane com primeiro-ministro da Noruega em Nova York"},"content":{"rendered":"<p>O presidente Luiz In\u00e1cio Lula da Silva se encontrou com o primeiro-ministro da Noruega, Jonas Gahr St\u00f8re, em Nova York, durante a 78\u00aa Assembleia Geral das Na\u00e7\u00f5es Unidas. Durante a reuni\u00e3o, eles discutiram financiamento ambiental e investimentos em fontes de energia renov\u00e1veis, al\u00e9m da retomada das verbas norueguesas para o Fundo Amaz\u00f4nia. Tamb\u00e9m abordaram quest\u00f5es comerciais, j\u00e1 que o Brasil \u00e9 o principal parceiro comercial da Noruega fora da Europa, com investimentos noruegueses em setores como petr\u00f3leo, g\u00e1s e minera\u00e7\u00e3o no Brasil.<br \/>\nAl\u00e9m disso, o premi\u00ea noruegu\u00eas destacou a import\u00e2ncia da presid\u00eancia brasileira no G20. Esta foi a primeira reuni\u00e3o presencial entre os l\u00edderes em 2023, ap\u00f3s uma conversa por telefone em julho e o interesse manifestado pelo premi\u00ea noruegu\u00eas na C\u00fapula da Amaz\u00f4nia, organizada pelo Brasil em agosto, com representantes dos pa\u00edses amaz\u00f4nicos.<\/p>\n","protected":false},"excerpt":{"rendered":"<p>O presidente Luiz In\u00e1cio Lula da Silva se encontrou com o primeiro-ministro da Noruega, Jonas Gahr St\u00f8re, em Nova York, durante a 78\u00aa Assembleia Geral das Na\u00e7\u00f5es Unidas. Durante a reuni\u00e3o, eles discutiram financiamento ambiental e investimentos em fontes de energia renov\u00e1veis, al\u00e9m da retomada das verbas norueguesas para o Fundo Amaz\u00f4nia. Tamb\u00e9m abordaram quest\u00f5es [&hellip;]<\/p>\n","protected":false},"author":16,"featured_media":0,"comment_status":"open","ping_status":"open","sticky":false,"template":"","format":"standard","meta":[],"categories":[65,68,66,67],"tags":[],"translation":{"provider":"WPGlobus","version":"2.7.3","language":"es","enabled_languages":["br","en","es"],"languages":{"br":{"title":true,"content":true,"excerpt":false},"en":{"title":false,"content":false,"excerpt":false},"es":{"title":false,"content":false,"excerpt":false}}},"_links":{"self":[{"href":"https:\/\/ocaa.org.br\/es\/wp-json\/wp\/v2\/posts\/15058"}],"collection":[{"href":"https:\/\/ocaa.org.br\/es\/wp-json\/wp\/v2\/posts"}],"about":[{"href":"https:\/\/ocaa.org.br\/es\/wp-json\/wp\/v2\/types\/post"}],"author":[{"embeddable":true,"href":"https:\/\/ocaa.org.br\/es\/wp-json\/wp\/v2\/users\/16"}],"replies":[{"embeddable":true,"href":"https:\/\/ocaa.org.br\/es\/wp-json\/wp\/v2\/comments?post=15058"}],"version-history":[{"count":2,"href":"https:\/\/ocaa.org.br\/es\/wp-json\/wp\/v2\/posts\/15058\/revisions"}],"predecessor-version":[{"id":15060,"href":"https:\/\/ocaa.org.br\/es\/wp-json\/wp\/v2\/posts\/15058\/revisions\/15060"}],"wp:attachment":[{"href":"https:\/\/ocaa.org.br\/es\/wp-json\/wp\/v2\/media?parent=15058"}],"wp:term":[{"taxonomy":"category","embeddable":true,"href":"https:\/\/ocaa.org.br\/es\/wp-json\/wp\/v2\/categories?post=15058"},{"taxonomy":"post_tag","embeddable":true,"href":"https:\/\/ocaa.org.br\/es\/wp-json\/wp\/v2\/tags?post=15058"}],"curies":[{"name":"wp","href":"https:\/\/api.w.org\/{rel}","templated":true}]}}