{"id":15061,"date":"2023-09-18T20:27:49","date_gmt":"2023-09-18T23:27:49","guid":{"rendered":"https:\/\/ocaa.org.br\/?p=15061"},"modified":"2023-09-25T20:30:25","modified_gmt":"2023-09-25T23:30:25","slug":"a-combinacao-de-lula-e-von-der-leyen-para-o-acordo-ue-mercosul","status":"publish","type":"post","link":"https:\/\/ocaa.org.br\/es\/a-combinacao-de-lula-e-von-der-leyen-para-o-acordo-ue-mercosul\/","title":{"rendered":"A combina\u00e7\u00e3o de Lula e Von Der Leyen para o acordo UE-Mercosul"},"content":{"rendered":"<p>O Mercosul e a Uni\u00e3o Europeia est\u00e3o buscando avan\u00e7ar nas negocia\u00e7\u00f5es de um tratado de livre com\u00e9rcio, que j\u00e1 se estendem por mais de duas d\u00e9cadas. A resposta do Mercosul \u00e0 \u00ab\u00bbside letter\u00bb\u00bb da UE, enviada no in\u00edcio do ano, foi uma estrat\u00e9gia combinada entre o presidente brasileiro, Luiz In\u00e1cio Lula da Silva, e a presidente da Comiss\u00e3o Europeia, Ursula Von Der Leyen. Eles concordaram que a reta final das negocia\u00e7\u00f5es precisa de um impulso pol\u00edtico para evitar impasses que possam dificultar o fechamento do acordo. A resposta do Mercosul foi uma declara\u00e7\u00e3o de princ\u00edpios gerais, sem entrar em detalhes, abordando quest\u00f5es como sa\u00fade, ci\u00eancia, tecnologia, a\u00e7\u00e3o clim\u00e1tica e seguran\u00e7a alimentar, com foco em preservar a capacidade dos Estados de implementar pol\u00edticas nessas \u00e1reas.<br \/>\nAl\u00e9m disso, a resposta do Mercosul menciona que n\u00e3o deve haver san\u00e7\u00f5es ou medidas que prejudiquem o desenvolvimento sustent\u00e1vel como obst\u00e1culo ao com\u00e9rcio. Tamb\u00e9m sugere a necessidade de um mecanismo para reequilibrar concess\u00f5es comerciais caso sejam suspensas devido \u00e0 legisla\u00e7\u00e3o interna da UE. Lula e Von Der Leyen concordaram em explorar a oportunidade de que o Brasil est\u00e1 presidindo o Mercosul neste semestre e a UE sob comando da Espanha at\u00e9 dezembro, a fim de acelerar as negocia\u00e7\u00f5es e concluir o acordo.<\/p>\n","protected":false},"excerpt":{"rendered":"<p>O Mercosul e a Uni\u00e3o Europeia est\u00e3o buscando avan\u00e7ar nas negocia\u00e7\u00f5es de um tratado de livre com\u00e9rcio, que j\u00e1 se estendem por mais de duas d\u00e9cadas. A resposta do Mercosul \u00e0 \u00ab\u00bbside letter\u00bb\u00bb da UE, enviada no in\u00edcio do ano, foi uma estrat\u00e9gia combinada entre o presidente brasileiro, Luiz In\u00e1cio Lula da Silva, e a [&hellip;]<\/p>\n","protected":false},"author":16,"featured_media":0,"comment_status":"open","ping_status":"open","sticky":false,"template":"","format":"standard","meta":[],"categories":[68,64,66,67],"tags":[],"translation":{"provider":"WPGlobus","version":"2.7.3","language":"es","enabled_languages":["br","en","es"],"languages":{"br":{"title":true,"content":true,"excerpt":false},"en":{"title":false,"content":false,"excerpt":false},"es":{"title":false,"content":false,"excerpt":false}}},"_links":{"self":[{"href":"https:\/\/ocaa.org.br\/es\/wp-json\/wp\/v2\/posts\/15061"}],"collection":[{"href":"https:\/\/ocaa.org.br\/es\/wp-json\/wp\/v2\/posts"}],"about":[{"href":"https:\/\/ocaa.org.br\/es\/wp-json\/wp\/v2\/types\/post"}],"author":[{"embeddable":true,"href":"https:\/\/ocaa.org.br\/es\/wp-json\/wp\/v2\/users\/16"}],"replies":[{"embeddable":true,"href":"https:\/\/ocaa.org.br\/es\/wp-json\/wp\/v2\/comments?post=15061"}],"version-history":[{"count":2,"href":"https:\/\/ocaa.org.br\/es\/wp-json\/wp\/v2\/posts\/15061\/revisions"}],"predecessor-version":[{"id":15063,"href":"https:\/\/ocaa.org.br\/es\/wp-json\/wp\/v2\/posts\/15061\/revisions\/15063"}],"wp:attachment":[{"href":"https:\/\/ocaa.org.br\/es\/wp-json\/wp\/v2\/media?parent=15061"}],"wp:term":[{"taxonomy":"category","embeddable":true,"href":"https:\/\/ocaa.org.br\/es\/wp-json\/wp\/v2\/categories?post=15061"},{"taxonomy":"post_tag","embeddable":true,"href":"https:\/\/ocaa.org.br\/es\/wp-json\/wp\/v2\/tags?post=15061"}],"curies":[{"name":"wp","href":"https:\/\/api.w.org\/{rel}","templated":true}]}}