{"id":15067,"date":"2023-09-24T20:32:49","date_gmt":"2023-09-24T23:32:49","guid":{"rendered":"https:\/\/ocaa.org.br\/?p=15067"},"modified":"2023-09-25T20:34:25","modified_gmt":"2023-09-25T23:34:25","slug":"lula-recebe-dirigente-do-partido-comunista-da-china-novo-capitulo-das-relacoes-sino-brasileiras","status":"publish","type":"post","link":"https:\/\/ocaa.org.br\/es\/lula-recebe-dirigente-do-partido-comunista-da-china-novo-capitulo-das-relacoes-sino-brasileiras\/","title":{"rendered":"Lula recebe dirigente do Partido Comunista da China: novo cap\u00edtulo das rela\u00e7\u00f5es sino-brasileiras"},"content":{"rendered":"<p>O presidente brasileiro Luiz In\u00e1cio Lula da Silva recebeu o dirigente do Partido Comunista da China (PCCh), Li Xi, no Pal\u00e1cio do Planalto para discutir o avan\u00e7o da coopera\u00e7\u00e3o bilateral entre o Brasil e a China, especialmente nas \u00e1reas de desenvolvimento tecnol\u00f3gico. Durante o encontro, Lula e Li concordaram em intensificar a coopera\u00e7\u00e3o bilateral, especialmente em investimentos e desenvolvimento tecnol\u00f3gico.<br \/>\nO encontro tamb\u00e9m contou com a presen\u00e7a de ministros brasileiros e abordou quest\u00f5es multilaterais, incluindo a sustentabilidade, transi\u00e7\u00e3o energ\u00e9tica, combate \u00e0 desigualdade e \u00e0 pobreza, e a reforma das institui\u00e7\u00f5es globais de governan\u00e7a pol\u00edtica e financeira. Lula destacou as oportunidades abertas pela presid\u00eancia brasileira do G20, a amplia\u00e7\u00e3o do BRICS e as pr\u00f3ximas Confer\u00eancias das Partes (COPs), incluindo a COP30 em Bel\u00e9m. Ambos os l\u00edderes concordaram que a chegada de Lula \u00e0 presid\u00eancia marca um novo cap\u00edtulo nas rela\u00e7\u00f5es sino-brasileiras e expressaram a inten\u00e7\u00e3o de fortalecer ainda mais a parceria estrat\u00e9gica entre os dois pa\u00edses.<\/p>\n","protected":false},"excerpt":{"rendered":"<p>O presidente brasileiro Luiz In\u00e1cio Lula da Silva recebeu o dirigente do Partido Comunista da China (PCCh), Li Xi, no Pal\u00e1cio do Planalto para discutir o avan\u00e7o da coopera\u00e7\u00e3o bilateral entre o Brasil e a China, especialmente nas \u00e1reas de desenvolvimento tecnol\u00f3gico. Durante o encontro, Lula e Li concordaram em intensificar a coopera\u00e7\u00e3o bilateral, especialmente [&hellip;]<\/p>\n","protected":false},"author":16,"featured_media":0,"comment_status":"open","ping_status":"open","sticky":false,"template":"","format":"standard","meta":[],"categories":[64,66,67],"tags":[],"translation":{"provider":"WPGlobus","version":"2.7.3","language":"es","enabled_languages":["br","en","es"],"languages":{"br":{"title":true,"content":true,"excerpt":false},"en":{"title":false,"content":false,"excerpt":false},"es":{"title":false,"content":false,"excerpt":false}}},"_links":{"self":[{"href":"https:\/\/ocaa.org.br\/es\/wp-json\/wp\/v2\/posts\/15067"}],"collection":[{"href":"https:\/\/ocaa.org.br\/es\/wp-json\/wp\/v2\/posts"}],"about":[{"href":"https:\/\/ocaa.org.br\/es\/wp-json\/wp\/v2\/types\/post"}],"author":[{"embeddable":true,"href":"https:\/\/ocaa.org.br\/es\/wp-json\/wp\/v2\/users\/16"}],"replies":[{"embeddable":true,"href":"https:\/\/ocaa.org.br\/es\/wp-json\/wp\/v2\/comments?post=15067"}],"version-history":[{"count":2,"href":"https:\/\/ocaa.org.br\/es\/wp-json\/wp\/v2\/posts\/15067\/revisions"}],"predecessor-version":[{"id":15069,"href":"https:\/\/ocaa.org.br\/es\/wp-json\/wp\/v2\/posts\/15067\/revisions\/15069"}],"wp:attachment":[{"href":"https:\/\/ocaa.org.br\/es\/wp-json\/wp\/v2\/media?parent=15067"}],"wp:term":[{"taxonomy":"category","embeddable":true,"href":"https:\/\/ocaa.org.br\/es\/wp-json\/wp\/v2\/categories?post=15067"},{"taxonomy":"post_tag","embeddable":true,"href":"https:\/\/ocaa.org.br\/es\/wp-json\/wp\/v2\/tags?post=15067"}],"curies":[{"name":"wp","href":"https:\/\/api.w.org\/{rel}","templated":true}]}}